{"id":516,"date":"2017-03-06T11:14:40","date_gmt":"2017-03-06T10:14:40","guid":{"rendered":"https:\/\/www.12print.it\/blog\/?p=516"},"modified":"2017-03-06T11:20:04","modified_gmt":"2017-03-06T10:20:04","slug":"festa-della-donna-e-festa-del-papa","status":"publish","type":"post","link":"https:\/\/www.12print.it\/blog\/festa-della-donna-e-festa-del-papa","title":{"rendered":"Festa della donna e festa del pap\u00e0: come festeggiare e cosa regalare"},"content":{"rendered":"<p>La <strong>festa della donna<\/strong> e la <strong>festa del pap\u00e0<\/strong> sono due ricorrenze ben radicate nella societ\u00e0 italiana. Queste due festivit\u00e0, le quali ricadono entrambe nel mese di <strong>marzo<\/strong>, fanno parte di una cultura che mette le donne e la figura del pap\u00e0 al primo posto.<\/p>\n<h2>La festa della donna: perch\u00e9 si festeggia l\u20198 marzo?<\/h2>\n<p>La festa della donna risale al lontano <strong>8 marzo del 1908<\/strong>, New York. \u00c8 una storia triste, ma ha permesso di apportare grandi cambiamenti nel mondo del <strong>lavoro femminile<\/strong>.<\/p>\n<p>La ricorrenza cade in questo specifico giorno del mese per un motivo ben preciso. In un\u2019industria tessile newyorkese nel 1908, un gruppo di donne protestava per le terribili condizioni in cui dovevano lavorare.\u00a0 Lo sciopero che andava\u00a0avanti da\u00a0diversi giorni raggiunse l&#8217;apice l&#8217;8 marzo. L\u2019azienda infatti, proprio in quel giorno, decise di bloccare le uscire della fabbrica impedendo alle operaie di allontanarsi dallo stabile. Sfortuna volle che scoppi\u00f2 un incendio che port\u00f2 alla morte 129 operaie, tra cui molte italiane emigrane, semplici donne che chiedevano solo condizioni migliori in cui lavorare.\u00a0 Col tempo questo giorno ha assunto importanza non solo in Italia ma anche a livello mondiale, diventano il simbolo di tutto ci\u00f2 che le donne hanno dovuto subire nel corso degli anni per appropriarsi dei diritti basilari della vita sociale\u00a0e della propria dignit\u00e0.<\/p>\n<p><a href=\"https:\/\/www.12print.it\/blog\/wp-content\/uploads\/2017\/03\/festa-della-donna-mimosa-1.jpg\"><img loading=\"lazy\" class=\"alignnone wp-image-530 size-full\" src=\"https:\/\/www.12print.it\/blog\/wp-content\/uploads\/2017\/03\/festa-della-donna-mimosa-1.jpg\" alt=\"festa della donna mimosa\" width=\"700\" height=\"397\" srcset=\"https:\/\/www.12print.it\/blog\/wp-content\/uploads\/2017\/03\/festa-della-donna-mimosa-1.jpg 700w, https:\/\/www.12print.it\/blog\/wp-content\/uploads\/2017\/03\/festa-della-donna-mimosa-1-300x170.jpg 300w, https:\/\/www.12print.it\/blog\/wp-content\/uploads\/2017\/03\/festa-della-donna-mimosa-1-600x340.jpg 600w\" sizes=\"(max-width: 700px) 100vw, 700px\" \/><\/a><\/p>\n<p>Simbolo di questo giorno \u00e8 la <strong>mimosa<\/strong>. La scelta ricade proprio su questo fiore per diversi motivi. Era il 1946 quando l\u2019associazione <strong>Unione donne italiane<\/strong> preparava i festeggiamenti per il primo 8 marzo dopo guerra. Si cercava un fiore che durasse per lungo tempo e che costasse poco. \u00a0Cos\u00ec si opto per la mimosa. Questo bellissimo fiore a pallini gialli oltre a costare poco, fiorisce proprio nel mese di marzo, in anticipo rispetto ai fiori primaverili.<\/p>\n<p>Anche se le donne andrebbero festeggiate tutti i giorni, basti pensare a\u00a0tutte le mamme, nonne e zie che guidano con onore e dignit\u00e0 la famiglia, l\u20198 marzo \u00e8 la <strong>festa per eccellenza<\/strong>.<\/p>\n<h2>Feste dalla donna: come festeggiare?<\/h2>\n<p>In questo giorno \u00e8 importante festeggiare nel modo adeguato. D\u00ec di no alle feste in discoteca, alle serate a base di alcool e alle conoscenze di una notte e via. <u>La festa della donna ha come obiettivo quello di rendere omaggio a tutte le donne che prima di te hanno lottato per i diritti del sesso femminile, sacrificando tutto, anche la vita. <\/u><\/p>\n<p>Via libera ad una <strong>cena insieme alle amiche<\/strong> o alle colleghe dell\u2019ufficio. Per distinguervi dalla massa potete ad esempio utilizzare delle <a href=\"https:\/\/www.12print.it\/fotogadget\/pins.html\">spillette con un simbolo personalizzato<\/a> che vi contraddistingua, ad esempio la mimosa, oppure un cuore. In alternativa c\u2019\u00e8 la <strong>coroncina di fiori<\/strong>, sempre di gran moda e accessorio che ti fa sentire bella.<\/p>\n<p><a href=\"https:\/\/www.12print.it\/blog\/wp-content\/uploads\/2017\/03\/maglietta-festa-della-donna-1.png\"><img loading=\"lazy\" class=\"alignnone wp-image-532 size-full\" src=\"https:\/\/www.12print.it\/blog\/wp-content\/uploads\/2017\/03\/maglietta-festa-della-donna-1.png\" alt=\"maglietta festa della donna\" width=\"700\" height=\"397\" srcset=\"https:\/\/www.12print.it\/blog\/wp-content\/uploads\/2017\/03\/maglietta-festa-della-donna-1.png 700w, https:\/\/www.12print.it\/blog\/wp-content\/uploads\/2017\/03\/maglietta-festa-della-donna-1-300x170.png 300w, https:\/\/www.12print.it\/blog\/wp-content\/uploads\/2017\/03\/maglietta-festa-della-donna-1-600x340.png 600w\" sizes=\"(max-width: 700px) 100vw, 700px\" \/><\/a><\/p>\n<p>Se invece siete un gruppo pi\u00f9 spinto, cui piace scherzare ed essere ironiche, potete indossare una <strong>maglietta goliardica personalizzata<\/strong> come <a href=\"https:\/\/www.12print.it\/boutique\/magliette-donna\/maglietta-sono-ancora-meglio.htm\">questa<\/a> oppure<a href=\"https:\/\/www.12print.it\/boutique\/magliette-donna\/maglietta-3-tequilas.htm\"> questa<\/a>.\u00a0 Ricordati sempre che l\u2019autoironia \u00e8 la chiave per passare una serata in allegria senza per\u00f2 superare i limiti, o fare azioni di cui potresti pentirti il giorno dopo.<\/p>\n<h2>\u00a0Festa del pap\u00e0: quando si festeggia?<\/h2>\n<p>La <strong>festa del pap\u00e0<\/strong> \u00e8 una ricorrenza legata alla <strong>religione cattolica<\/strong>. In Italia si festeggia il <strong>19 marzo<\/strong>.\u00a0 Anche se \u00e8 una festa presente in quasi tutto il mondo, solo Italia, Spagna e Portogallo (le nazioni con fede cattolica) festeggiano in questo giorno. In altri paesi la festa del pap\u00e0 esiste ma non cade il 19 marzo. \u00a0Negli Stati Uniti si festeggia la terza domenica di giugno, in altri anche l\u2019ultima domenica di luglio. \u00a0Questa ricorrenza nel nostro paese coincide con il giorno di <strong>San Giuseppe<\/strong>. Il culto religioso di questo santo \u00e8 molto antico, era gi\u00e0 presente nell&#8217;alto medioevo in oriente, per poi diffondersi in occidente nel 1300.\u00a0 Secondo la tradizione, il 19 marzo \u00e8 il giorno il cui il santo \u00e8 morto.\u00a0 Questa festa fu inserita nel calendario romano da papa Sisto IV verso il 1479.<\/p>\n<p><a href=\"https:\/\/www.12print.it\/blog\/wp-content\/uploads\/2017\/03\/festa-del-pap\u00e0-1.jpg\"><img loading=\"lazy\" class=\"alignnone wp-image-533 size-full\" src=\"https:\/\/www.12print.it\/blog\/wp-content\/uploads\/2017\/03\/festa-del-pap\u00e0-1.jpg\" alt=\"festa del pap\u00e0\" width=\"700\" height=\"397\" srcset=\"https:\/\/www.12print.it\/blog\/wp-content\/uploads\/2017\/03\/festa-del-pap\u00e0-1.jpg 700w, https:\/\/www.12print.it\/blog\/wp-content\/uploads\/2017\/03\/festa-del-pap\u00e0-1-300x170.jpg 300w, https:\/\/www.12print.it\/blog\/wp-content\/uploads\/2017\/03\/festa-del-pap\u00e0-1-600x340.jpg 600w\" sizes=\"(max-width: 700px) 100vw, 700px\" \/><\/a><\/p>\n<h2>Festa del pap\u00e0: idee regalo<\/h2>\n<p>La festa del pap\u00e0 \u00e8 molto sentita in Italia. Si festeggia solitamente con una cena, un dolce tipico e i regali. I dolci tipici variano da regione a regione, ma tutti sono accomunati da una base fatta di pasta choux, che si frigge o si cuoce al forno e poi si farcisce. A Napoli ci sono le tradizionalissime<strong> zeppole di San Giuseppe<\/strong>. Secondo la tradizione, Giuseppe dopo la fuga dall\u2019Egitto con Maria e Ges\u00f9 dovette vendere frittelle per mantenere la famiglia in un paese diverso da quello natale. Nelle regioni dell\u2019Umbria e della Toscana invece si preparano le <strong>frittelle di riso<\/strong>.<\/p>\n<p>Per questo riguarda i regali, tante sono le <strong>idee regalo personalizzate<\/strong> e non che si possono realizzare per la festa del pap\u00e0. \u00a0Il tutto dipende dal budget e dal tipo di pap\u00e0. Ad esempio per un uomo cui piace viaggiare, si pu\u00f2 regalare un <strong>libro<\/strong> che parla della citt\u00e0 o del paese che vorrebbe visitare oppure un <strong>borsone da viaggio<\/strong>. Se invece \u00e8 un pap\u00e0 tutto fare, puoi acquistare un <strong>kit per riparazioni<\/strong>.\u00a0 Per il <strong>pap\u00e0 sportivo<\/strong> c\u2019\u00e8 l\u2019abbigliamento oppure l\u2019accessorio tecnologico contapassi e conta calorie. Non dimentichiamo il DVD, i CD, oppure un <strong>vinile<\/strong>, per ricordare i bei vecchi tempi.<\/p>\n<p><a href=\"https:\/\/www.12print.it\/blog\/wp-content\/uploads\/2017\/03\/cravatta-personalizzata-1.png\"><img loading=\"lazy\" class=\"alignnone wp-image-534 size-full\" src=\"https:\/\/www.12print.it\/blog\/wp-content\/uploads\/2017\/03\/cravatta-personalizzata-1.png\" alt=\"cravatta personalizzata\" width=\"700\" height=\"397\" srcset=\"https:\/\/www.12print.it\/blog\/wp-content\/uploads\/2017\/03\/cravatta-personalizzata-1.png 700w, https:\/\/www.12print.it\/blog\/wp-content\/uploads\/2017\/03\/cravatta-personalizzata-1-300x170.png 300w, https:\/\/www.12print.it\/blog\/wp-content\/uploads\/2017\/03\/cravatta-personalizzata-1-600x340.png 600w\" sizes=\"(max-width: 700px) 100vw, 700px\" \/><\/a><\/p>\n<p>Se invece preferisci un regalo non banale per il tuo pap\u00e0, puoi regalare la <a href=\"https:\/\/www.12print.it\/fotogadget\/cravatta.html\">cravatta personalizzata<\/a>.\u00a0 Questa pu\u00f2 essere personalizzata con la vostra <strong>foto preferita<\/strong>, quella che vi ricorda una bella giornata o un momento speciale. Anche se il tuo pap\u00e0 non indossa la cravatta, questa <strong>idea regalo<\/strong> pu\u00f2 essere usata come elemento d\u2019arredo per la casa o pu\u00f2 essere sfoggiata\u00a0in bellavista in un angolo speciale del suo studio o ufficio.<\/p>\n<p>In alternativa alla cravatta, c\u2019\u00e8 la<a href=\"https:\/\/www.12print.it\/boutique\/magliette-uomo\/maglietta-mi-chiamano-papa.htm\"> <strong>maglietta personalizzata<\/strong> con la scritta \u201cmi chiamo pap\u00e0\u201d<\/a>. \u00c8 un\u2019idea molto bella per i neo pap\u00e0, regalo da parte della neo mamma. Anche se a volte gli uomini non sono molto propensi nel mostrare i propri sentimenti, tutti i pap\u00e0 sono contenti e orgogliosi dei propri figli. Con questa <strong>maglietta goliardica<\/strong> regalerai un capo d\u2019abbigliamento semplice e simpatico, da poter indossare nei momenti liberi, per fare sport, una passeggiata oppure da incorniciare come ricordo di questo giorno.<\/p>\n<p>&nbsp;<\/p>\n","protected":false},"excerpt":{"rendered":"<p>La festa della donna e la festa del pap\u00e0 sono due ricorrenze ben radicate nella societ\u00e0 italiana. Queste due festivit\u00e0, le quali ricadono entrambe nel mese di marzo, fanno parte di una cultura che mette le donne e la figura&#8230; <a class=\"more-link\" href=\"https:\/\/www.12print.it\/blog\/festa-della-donna-e-festa-del-papa\">Continua a leggere &rarr;<\/a><\/p>\n","protected":false},"author":5,"featured_media":536,"comment_status":"open","ping_status":"open","sticky":false,"template":"","format":"standard","meta":[],"categories":[31],"tags":[84,83],"_links":{"self":[{"href":"https:\/\/www.12print.it\/blog\/wp-json\/wp\/v2\/posts\/516"}],"collection":[{"href":"https:\/\/www.12print.it\/blog\/wp-json\/wp\/v2\/posts"}],"about":[{"href":"https:\/\/www.12print.it\/blog\/wp-json\/wp\/v2\/types\/post"}],"author":[{"embeddable":true,"href":"https:\/\/www.12print.it\/blog\/wp-json\/wp\/v2\/users\/5"}],"replies":[{"embeddable":true,"href":"https:\/\/www.12print.it\/blog\/wp-json\/wp\/v2\/comments?post=516"}],"version-history":[{"count":9,"href":"https:\/\/www.12print.it\/blog\/wp-json\/wp\/v2\/posts\/516\/revisions"}],"predecessor-version":[{"id":535,"href":"https:\/\/www.12print.it\/blog\/wp-json\/wp\/v2\/posts\/516\/revisions\/535"}],"wp:featuredmedia":[{"embeddable":true,"href":"https:\/\/www.12print.it\/blog\/wp-json\/wp\/v2\/media\/536"}],"wp:attachment":[{"href":"https:\/\/www.12print.it\/blog\/wp-json\/wp\/v2\/media?parent=516"}],"wp:term":[{"taxonomy":"category","embeddable":true,"href":"https:\/\/www.12print.it\/blog\/wp-json\/wp\/v2\/categories?post=516"},{"taxonomy":"post_tag","embeddable":true,"href":"https:\/\/www.12print.it\/blog\/wp-json\/wp\/v2\/tags?post=516"}],"curies":[{"name":"wp","href":"https:\/\/api.w.org\/{rel}","templated":true}]}}